{"id":3592,"date":"2026-02-05T00:03:54","date_gmt":"2026-02-05T05:03:54","guid":{"rendered":"https:\/\/lamaisondelautisme.ca\/?p=3592"},"modified":"2026-02-17T00:32:55","modified_gmt":"2026-02-17T05:32:55","slug":"lexique-3","status":"publish","type":"post","link":"https:\/\/lamaisondelautisme.ca\/en\/lexique-3\/","title":{"rendered":"Lexique-3"},"content":{"rendered":"<div class=\"wp-block-group alignwide is-layout-flow wp-block-group-is-layout-flow\">\n<div class=\"wp-block-uagb-separator uagb-block-4b98e6e0\"><div class=\"wp-block-uagb-separator__inner\" style=\"--my-background-image:\"><\/div><\/div>\n\n\n\n<div class=\"wp-block-uagb-advanced-heading uagb-block-2e095d4c\"><h2 class=\"uagb-heading-text\"><strong>Socialisation interaction et communication<\/strong><\/h2><\/div>\n\n\n\n<div class=\"wp-block-uagb-advanced-heading uagb-block-223cdc42\"><h4 class=\"uagb-heading-text\">Par int\u00e9r\u00eat, passivit\u00e9,<br>Communication &#8211; retard puis excellence, langage litt\u00e9ral,<\/h4><\/div>\n\n\n\n<div class=\"wp-block-uagb-advanced-heading uagb-block-c0116e5e\"><h2 class=\"uagb-heading-text\"><strong>Fonctionnement sensoriel et int\u00e9r\u00eats<\/strong> 2\/4<\/h2><\/div>\n\n\n\n<div class=\"wp-block-uagb-advanced-heading uagb-block-65b6b770\"><h4 class=\"uagb-heading-text\">Par int\u00e9r\u00eat, passivit\u00e9,<br>TOCS, Habitudes, Pr\u00e9f\u00e9rences, Passions<\/h4><\/div>\n\n\n\n<div class=\"wp-block-uagb-advanced-heading uagb-block-6965cff0\"><h2 class=\"uagb-heading-text\"><strong>*\u00c2ge d\u2019apparition<\/strong><\/h2><\/div>\n\n\n\n<div class=\"wp-block-uagb-advanced-heading uagb-block-fd6d9a53\"><h4 class=\"uagb-heading-text\">Masquage<\/h4><\/div>\n\n\n\n<div class=\"wp-block-uagb-advanced-heading uagb-block-743ff7cf\"><h2 class=\"uagb-heading-text\">*<strong>Fonctionnement<\/strong><\/h2><\/div>\n\n\n\n<div class=\"wp-block-uagb-advanced-heading uagb-block-4272cb26\"><h4 class=\"uagb-heading-text\">Variable dans le temps et le contexte<\/h4><\/div>\n\n\n\n<div class=\"wp-block-uagb-advanced-heading uagb-block-424bf2ee\"><h2 class=\"uagb-heading-text\"><strong>*Facteur confondant <\/strong><\/h2><\/div>\n\n\n\n<div class=\"wp-block-uagb-advanced-heading uagb-block-642c324a\"><h4 class=\"uagb-heading-text\">Ph\u00e9nom\u00e8nes sp\u00e9cifiques :<br>Shutdown \u2013 Fermeture<br>Meltdown \u2013 Effondrement<br>Burnout autistique &#8211; \u00c9puisement<\/h4><\/div>\n\n\n\n<p class=\"wp-block-paragraph\">FFF<\/p>\n\n\n\n<div class=\"wp-block-uagb-advanced-heading uagb-block-e9b09af1\"><h2 class=\"uagb-heading-text\">Feeling d\u2019\u00eatre un extra-terrestre <br>mais  devoir masquer comme un acteur professionnel.<\/h2><\/div>\n<\/div>\n\n\n\n<div class=\"wp-block-group alignfull is-layout-flow wp-block-group-is-layout-flow\">\n<div class=\"wp-block-uagb-separator uagb-block-e74339aa\"><div class=\"wp-block-uagb-separator__inner\" style=\"--my-background-image:\"><\/div><\/div>\n\n\n\n<div class=\"wp-block-uagb-icon-list uagb-block-58f71b00\"><div class=\"uagb-icon-list__wrap\">\n<div class=\"wp-block-uagb-icon-list-child uagb-block-a68032d5\"><a target=\"_self\" aria-label=\"Introduction\" rel=\"noopener noreferrer\" href=\"https:\/\/lamaisondelautisme.ca\/introduction-libride\/\"> <\/a><span class=\"uagb-icon-list__source-wrap\"><svg xmlns=\"https:\/\/www.w3.org\/2000\/svg\" viewbox=\"0 0 512 512\"><path d=\"M256 0C114.6 0 0 114.6 0 256c0 141.4 114.6 256 256 256s256-114.6 256-256C512 114.6 397.4 0 256 0zM406.6 278.6l-103.1 103.1c-12.5 12.5-32.75 12.5-45.25 0s-12.5-32.75 0-45.25L306.8 288H128C110.3 288 96 273.7 96 256s14.31-32 32-32h178.8l-49.38-49.38c-12.5-12.5-12.5-32.75 0-45.25s32.75-12.5 45.25 0l103.1 103.1C414.6 241.3 416 251.1 416 256C416 260.9 414.6 270.7 406.6 278.6z\"><\/path><\/svg><\/span><span class=\"uagb-icon-list__label\">Introduction<\/span><\/div>\n\n\n\n<div class=\"wp-block-uagb-icon-list-child uagb-block-3eb1cb55\"><a target=\"_self\" aria-label=\"Le diagnostic actuellement\" rel=\"noopener noreferrer\" href=\"https:\/\/lamaisondelautisme.ca\/le-diagnostic-actuellement\/\"> <\/a><span class=\"uagb-icon-list__source-wrap\"><svg xmlns=\"https:\/\/www.w3.org\/2000\/svg\" viewbox=\"0 0 512 512\"><path d=\"M256 0C114.6 0 0 114.6 0 256c0 141.4 114.6 256 256 256s256-114.6 256-256C512 114.6 397.4 0 256 0zM406.6 278.6l-103.1 103.1c-12.5 12.5-32.75 12.5-45.25 0s-12.5-32.75 0-45.25L306.8 288H128C110.3 288 96 273.7 96 256s14.31-32 32-32h178.8l-49.38-49.38c-12.5-12.5-12.5-32.75 0-45.25s32.75-12.5 45.25 0l103.1 103.1C414.6 241.3 416 251.1 416 256C416 260.9 414.6 270.7 406.6 278.6z\"><\/path><\/svg><\/span><span class=\"uagb-icon-list__label\">Le diagnostic actuellement<\/span><\/div>\n\n\n\n<div class=\"wp-block-uagb-icon-list-child uagb-block-c5f28dc1\"><a target=\"_self\" aria-label=\"Difficult\u00e9s \u00e0 diagnostiquer 1\" rel=\"noopener noreferrer\" href=\"https:\/\/lamaisondelautisme.ca\/?p=3513\"> <\/a><span class=\"uagb-icon-list__source-wrap\"><svg xmlns=\"https:\/\/www.w3.org\/2000\/svg\" viewbox=\"0 0 512 512\"><path d=\"M256 0C114.6 0 0 114.6 0 256c0 141.4 114.6 256 256 256s256-114.6 256-256C512 114.6 397.4 0 256 0zM406.6 278.6l-103.1 103.1c-12.5 12.5-32.75 12.5-45.25 0s-12.5-32.75 0-45.25L306.8 288H128C110.3 288 96 273.7 96 256s14.31-32 32-32h178.8l-49.38-49.38c-12.5-12.5-12.5-32.75 0-45.25s32.75-12.5 45.25 0l103.1 103.1C414.6 241.3 416 251.1 416 256C416 260.9 414.6 270.7 406.6 278.6z\"><\/path><\/svg><\/span><span class=\"uagb-icon-list__label\">Difficult\u00e9s \u00e0 diagnostiquer 1<\/span><\/div>\n\n\n\n<div class=\"wp-block-uagb-icon-list-child uagb-block-f9930c23\"><a target=\"_self\" aria-label=\"Difficult\u00e9s \u00e0 diagnostiquer 2\" rel=\"noopener noreferrer\" href=\"https:\/\/lamaisondelautisme.ca\/difficultes-a-diagnostiquer-2\/\"> <\/a><span class=\"uagb-icon-list__source-wrap\"><svg xmlns=\"https:\/\/www.w3.org\/2000\/svg\" viewbox=\"0 0 512 512\"><path d=\"M256 0C114.6 0 0 114.6 0 256c0 141.4 114.6 256 256 256s256-114.6 256-256C512 114.6 397.4 0 256 0zM406.6 278.6l-103.1 103.1c-12.5 12.5-32.75 12.5-45.25 0s-12.5-32.75 0-45.25L306.8 288H128C110.3 288 96 273.7 96 256s14.31-32 32-32h178.8l-49.38-49.38c-12.5-12.5-12.5-32.75 0-45.25s32.75-12.5 45.25 0l103.1 103.1C414.6 241.3 416 251.1 416 256C416 260.9 414.6 270.7 406.6 278.6z\"><\/path><\/svg><\/span><span class=\"uagb-icon-list__label\">Difficult\u00e9s \u00e0 diagnostiquer 2<\/span><\/div>\n\n\n\n<div class=\"wp-block-uagb-icon-list-child uagb-block-6af06d2c\"><a target=\"_self\" aria-label=\"Difficult\u00e9s \u00e0 diagnostiquer 3\" rel=\"noopener noreferrer\" href=\"https:\/\/lamaisondelautisme.ca\/difficultes-a-diagnostiquer-3\/\"> <\/a><span class=\"uagb-icon-list__source-wrap\"><svg xmlns=\"https:\/\/www.w3.org\/2000\/svg\" viewbox=\"0 0 512 512\"><path d=\"M256 0C114.6 0 0 114.6 0 256c0 141.4 114.6 256 256 256s256-114.6 256-256C512 114.6 397.4 0 256 0zM406.6 278.6l-103.1 103.1c-12.5 12.5-32.75 12.5-45.25 0s-12.5-32.75 0-45.25L306.8 288H128C110.3 288 96 273.7 96 256s14.31-32 32-32h178.8l-49.38-49.38c-12.5-12.5-12.5-32.75 0-45.25s32.75-12.5 45.25 0l103.1 103.1C414.6 241.3 416 251.1 416 256C416 260.9 414.6 270.7 406.6 278.6z\"><\/path><\/svg><\/span><span class=\"uagb-icon-list__label\">Difficult\u00e9s \u00e0 diagnostiquer 3<\/span><\/div>\n\n\n\n<div class=\"wp-block-uagb-icon-list-child uagb-block-faaaf10a\"><a target=\"_self\" aria-label=\"Sentiment g\u00e9n\u00e9ral\" rel=\"noopener noreferrer\" href=\"https:\/\/lamaisondelautisme.ca\/sentiment-general\/\"> <\/a><span class=\"uagb-icon-list__source-wrap\"><svg xmlns=\"https:\/\/www.w3.org\/2000\/svg\" viewbox=\"0 0 512 512\"><path d=\"M256 0C114.6 0 0 114.6 0 256c0 141.4 114.6 256 256 256s256-114.6 256-256C512 114.6 397.4 0 256 0zM406.6 278.6l-103.1 103.1c-12.5 12.5-32.75 12.5-45.25 0s-12.5-32.75 0-45.25L306.8 288H128C110.3 288 96 273.7 96 256s14.31-32 32-32h178.8l-49.38-49.38c-12.5-12.5-12.5-32.75 0-45.25s32.75-12.5 45.25 0l103.1 103.1C414.6 241.3 416 251.1 416 256C416 260.9 414.6 270.7 406.6 278.6z\"><\/path><\/svg><\/span><span class=\"uagb-icon-list__label\">Sentiment g\u00e9n\u00e9ral<\/span><\/div>\n\n\n\n<div class=\"wp-block-uagb-icon-list-child uagb-block-18e68fc6\"><a target=\"_self\" aria-label=\"Causes\" rel=\"noopener noreferrer\" href=\"https:\/\/lamaisondelautisme.ca\/causes\"> <\/a><span class=\"uagb-icon-list__source-wrap\"><svg xmlns=\"https:\/\/www.w3.org\/2000\/svg\" viewbox=\"0 0 512 512\"><path d=\"M256 0C114.6 0 0 114.6 0 256c0 141.4 114.6 256 256 256s256-114.6 256-256C512 114.6 397.4 0 256 0zM406.6 278.6l-103.1 103.1c-12.5 12.5-32.75 12.5-45.25 0s-12.5-32.75 0-45.25L306.8 288H128C110.3 288 96 273.7 96 256s14.31-32 32-32h178.8l-49.38-49.38c-12.5-12.5-12.5-32.75 0-45.25s32.75-12.5 45.25 0l103.1 103.1C414.6 241.3 416 251.1 416 256C416 260.9 414.6 270.7 406.6 278.6z\"><\/path><\/svg><\/span><span class=\"uagb-icon-list__label\">Causes<\/span><\/div>\n\n\n\n<div class=\"wp-block-uagb-icon-list-child uagb-block-6f9628a1\"><a target=\"_self\" aria-label=\"Lexique\" rel=\"noopener noreferrer\" href=\"https:\/\/lamaisondelautisme.ca\/clexique\/\"> <\/a><span class=\"uagb-icon-list__source-wrap\"><svg xmlns=\"https:\/\/www.w3.org\/2000\/svg\" viewbox=\"0 0 512 512\"><path d=\"M256 0C114.6 0 0 114.6 0 256c0 141.4 114.6 256 256 256s256-114.6 256-256C512 114.6 397.4 0 256 0zM406.6 278.6l-103.1 103.1c-12.5 12.5-32.75 12.5-45.25 0s-12.5-32.75 0-45.25L306.8 288H128C110.3 288 96 273.7 96 256s14.31-32 32-32h178.8l-49.38-49.38c-12.5-12.5-12.5-32.75 0-45.25s32.75-12.5 45.25 0l103.1 103.1C414.6 241.3 416 251.1 416 256C416 260.9 414.6 270.7 406.6 278.6z\"><\/path><\/svg><\/span><span class=\"uagb-icon-list__label\">Lexique<\/span><\/div>\n\n\n\n<div class=\"wp-block-uagb-icon-list-child uagb-block-6b1e7498\"><a target=\"_self\" aria-label=\"Lexique 1\" rel=\"noopener noreferrer\" href=\"https:\/\/lamaisondelautisme.ca\/lexique-1\"> <\/a><span class=\"uagb-icon-list__source-wrap\"><svg xmlns=\"https:\/\/www.w3.org\/2000\/svg\" viewbox=\"0 0 512 512\"><path d=\"M256 0C114.6 0 0 114.6 0 256c0 141.4 114.6 256 256 256s256-114.6 256-256C512 114.6 397.4 0 256 0zM406.6 278.6l-103.1 103.1c-12.5 12.5-32.75 12.5-45.25 0s-12.5-32.75 0-45.25L306.8 288H128C110.3 288 96 273.7 96 256s14.31-32 32-32h178.8l-49.38-49.38c-12.5-12.5-12.5-32.75 0-45.25s32.75-12.5 45.25 0l103.1 103.1C414.6 241.3 416 251.1 416 256C416 260.9 414.6 270.7 406.6 278.6z\"><\/path><\/svg><\/span><span class=\"uagb-icon-list__label\">Lexique 1<\/span><\/div>\n\n\n\n<div class=\"wp-block-uagb-icon-list-child uagb-block-e116d4c2\"><a target=\"_self\" aria-label=\"Lexique 2\" rel=\"noopener noreferrer\" href=\"https:\/\/lamaisondelautisme.ca\/lexique-2\"> <\/a><span class=\"uagb-icon-list__source-wrap\"><svg xmlns=\"https:\/\/www.w3.org\/2000\/svg\" viewbox=\"0 0 512 512\"><path d=\"M256 0C114.6 0 0 114.6 0 256c0 141.4 114.6 256 256 256s256-114.6 256-256C512 114.6 397.4 0 256 0zM406.6 278.6l-103.1 103.1c-12.5 12.5-32.75 12.5-45.25 0s-12.5-32.75 0-45.25L306.8 288H128C110.3 288 96 273.7 96 256s14.31-32 32-32h178.8l-49.38-49.38c-12.5-12.5-12.5-32.75 0-45.25s32.75-12.5 45.25 0l103.1 103.1C414.6 241.3 416 251.1 416 256C416 260.9 414.6 270.7 406.6 278.6z\"><\/path><\/svg><\/span><span class=\"uagb-icon-list__label\">Lexique 2<\/span><\/div>\n\n\n\n<div class=\"wp-block-uagb-icon-list-child uagb-block-4046e9d6\"><a target=\"_self\" aria-label=\"Ph\u00e9nom\u00e8nes autistiques\" rel=\"noopener noreferrer\" href=\"https:\/\/lamaisondelautisme.ca\/phenomenes-autistiques\"> <\/a><span class=\"uagb-icon-list__source-wrap\"><svg xmlns=\"https:\/\/www.w3.org\/2000\/svg\" viewbox=\"0 0 512 512\"><path d=\"M256 0C114.6 0 0 114.6 0 256c0 141.4 114.6 256 256 256s256-114.6 256-256C512 114.6 397.4 0 256 0zM406.6 278.6l-103.1 103.1c-12.5 12.5-32.75 12.5-45.25 0s-12.5-32.75 0-45.25L306.8 288H128C110.3 288 96 273.7 96 256s14.31-32 32-32h178.8l-49.38-49.38c-12.5-12.5-12.5-32.75 0-45.25s32.75-12.5 45.25 0l103.1 103.1C414.6 241.3 416 251.1 416 256C416 260.9 414.6 270.7 406.6 278.6z\"><\/path><\/svg><\/span><span class=\"uagb-icon-list__label\">Ph\u00e9nom\u00e8nes autistiques<\/span><\/div>\n\n\n\n<div class=\"wp-block-uagb-icon-list-child uagb-block-c8266412\"><a target=\"_self\" aria-label=\"Principaux enjeux\" rel=\"noopener noreferrer\" href=\"https:\/\/lamaisondelautisme.ca\/principaux-enjeux\/\"> <\/a><span class=\"uagb-icon-list__source-wrap\"><svg xmlns=\"https:\/\/www.w3.org\/2000\/svg\" viewbox=\"0 0 512 512\"><path d=\"M256 0C114.6 0 0 114.6 0 256c0 141.4 114.6 256 256 256s256-114.6 256-256C512 114.6 397.4 0 256 0zM406.6 278.6l-103.1 103.1c-12.5 12.5-32.75 12.5-45.25 0s-12.5-32.75 0-45.25L306.8 288H128C110.3 288 96 273.7 96 256s14.31-32 32-32h178.8l-49.38-49.38c-12.5-12.5-12.5-32.75 0-45.25s32.75-12.5 45.25 0l103.1 103.1C414.6 241.3 416 251.1 416 256C416 260.9 414.6 270.7 406.6 278.6z\"><\/path><\/svg><\/span><span class=\"uagb-icon-list__label\">Principaux enjeux<\/span><\/div>\n\n\n\n<div class=\"wp-block-uagb-icon-list-child uagb-block-8b23f22c\"><a target=\"_self\" aria-label=\"Particularit\u00e9s dues aux comorbidit\u00e9s\" rel=\"noopener noreferrer\" href=\"https:\/\/lamaisondelautisme.ca\/particularites-dues-aux-comorbidites\"> <\/a><span class=\"uagb-icon-list__source-wrap\"><svg xmlns=\"https:\/\/www.w3.org\/2000\/svg\" viewbox=\"0 0 512 512\"><path d=\"M256 0C114.6 0 0 114.6 0 256c0 141.4 114.6 256 256 256s256-114.6 256-256C512 114.6 397.4 0 256 0zM406.6 278.6l-103.1 103.1c-12.5 12.5-32.75 12.5-45.25 0s-12.5-32.75 0-45.25L306.8 288H128C110.3 288 96 273.7 96 256s14.31-32 32-32h178.8l-49.38-49.38c-12.5-12.5-12.5-32.75 0-45.25s32.75-12.5 45.25 0l103.1 103.1C414.6 241.3 416 251.1 416 256C416 260.9 414.6 270.7 406.6 278.6z\"><\/path><\/svg><\/span><span class=\"uagb-icon-list__label\">Particularit\u00e9s dues aux comorbidit\u00e9s<\/span><\/div>\n\n\n\n<div class=\"wp-block-uagb-icon-list-child uagb-block-0cc9d303\"><a target=\"_self\" aria-label=\"Un grand d\u00e9calage\" rel=\"noopener noreferrer\" href=\"https:\/\/lamaisondelautisme.ca\/un-grand-decalage\"> <\/a><span class=\"uagb-icon-list__source-wrap\"><svg xmlns=\"https:\/\/www.w3.org\/2000\/svg\" viewbox=\"0 0 512 512\"><path d=\"M256 0C114.6 0 0 114.6 0 256c0 141.4 114.6 256 256 256s256-114.6 256-256C512 114.6 397.4 0 256 0zM406.6 278.6l-103.1 103.1c-12.5 12.5-32.75 12.5-45.25 0s-12.5-32.75 0-45.25L306.8 288H128C110.3 288 96 273.7 96 256s14.31-32 32-32h178.8l-49.38-49.38c-12.5-12.5-12.5-32.75 0-45.25s32.75-12.5 45.25 0l103.1 103.1C414.6 241.3 416 251.1 416 256C416 260.9 414.6 270.7 406.6 278.6z\"><\/path><\/svg><\/span><span class=\"uagb-icon-list__label\">Un grand d\u00e9calage<\/span><\/div>\n\n\n\n<div class=\"wp-block-uagb-icon-list-child uagb-block-47fdd0ec\"><a target=\"_self\" aria-label=\"&quot;Traitements&quot; et th\u00e9rapies\" rel=\"noopener noreferrer\" href=\"https:\/\/lamaisondelautisme.ca\/traitements-et-therapies\"> <\/a><span class=\"uagb-icon-list__source-wrap\"><svg xmlns=\"https:\/\/www.w3.org\/2000\/svg\" viewbox=\"0 0 512 512\"><path d=\"M256 0C114.6 0 0 114.6 0 256c0 141.4 114.6 256 256 256s256-114.6 256-256C512 114.6 397.4 0 256 0zM406.6 278.6l-103.1 103.1c-12.5 12.5-32.75 12.5-45.25 0s-12.5-32.75 0-45.25L306.8 288H128C110.3 288 96 273.7 96 256s14.31-32 32-32h178.8l-49.38-49.38c-12.5-12.5-12.5-32.75 0-45.25s32.75-12.5 45.25 0l103.1 103.1C414.6 241.3 416 251.1 416 256C416 260.9 414.6 270.7 406.6 278.6z\"><\/path><\/svg><\/span><span class=\"uagb-icon-list__label\">\u00ab\u00a0Traitements\u00a0\u00bb et th\u00e9rapies<\/span><\/div>\n\n\n\n<div class=\"wp-block-uagb-icon-list-child uagb-block-5197c50e\"><a target=\"_self\" aria-label=\"Outils et solutions 1\" rel=\"noopener noreferrer\" href=\"https:\/\/lamaisondelautisme.ca\/outils-et-solutions\"> <\/a><span class=\"uagb-icon-list__source-wrap\"><svg xmlns=\"https:\/\/www.w3.org\/2000\/svg\" viewbox=\"0 0 512 512\"><path d=\"M256 0C114.6 0 0 114.6 0 256c0 141.4 114.6 256 256 256s256-114.6 256-256C512 114.6 397.4 0 256 0zM406.6 278.6l-103.1 103.1c-12.5 12.5-32.75 12.5-45.25 0s-12.5-32.75 0-45.25L306.8 288H128C110.3 288 96 273.7 96 256s14.31-32 32-32h178.8l-49.38-49.38c-12.5-12.5-12.5-32.75 0-45.25s32.75-12.5 45.25 0l103.1 103.1C414.6 241.3 416 251.1 416 256C416 260.9 414.6 270.7 406.6 278.6z\"><\/path><\/svg><\/span><span class=\"uagb-icon-list__label\">Outils et solutions 1<\/span><\/div>\n\n\n\n<div class=\"wp-block-uagb-icon-list-child uagb-block-79b09b52\"><a target=\"_self\" aria-label=\"Outils et solutions 2\" rel=\"noopener noreferrer\" href=\"https:\/\/lamaisondelautisme.ca\/outils-et-solutions-pour-personnes-autiste-2\/\"> <\/a><span class=\"uagb-icon-list__source-wrap\"><svg xmlns=\"https:\/\/www.w3.org\/2000\/svg\" viewbox=\"0 0 512 512\"><path d=\"M256 0C114.6 0 0 114.6 0 256c0 141.4 114.6 256 256 256s256-114.6 256-256C512 114.6 397.4 0 256 0zM406.6 278.6l-103.1 103.1c-12.5 12.5-32.75 12.5-45.25 0s-12.5-32.75 0-45.25L306.8 288H128C110.3 288 96 273.7 96 256s14.31-32 32-32h178.8l-49.38-49.38c-12.5-12.5-12.5-32.75 0-45.25s32.75-12.5 45.25 0l103.1 103.1C414.6 241.3 416 251.1 416 256C416 260.9 414.6 270.7 406.6 278.6z\"><\/path><\/svg><\/span><span class=\"uagb-icon-list__label\">Outils et solutions 2<\/span><\/div>\n\n\n\n<div class=\"wp-block-uagb-icon-list-child uagb-block-dc826332\"><a target=\"_self\" aria-label=\"Mon exp\u00e9rience\" rel=\"noopener noreferrer\" href=\"https:\/\/lamaisondelautisme.ca\/mon-experience\"> <\/a><span class=\"uagb-icon-list__source-wrap\"><svg xmlns=\"https:\/\/www.w3.org\/2000\/svg\" viewbox=\"0 0 512 512\"><path d=\"M256 0C114.6 0 0 114.6 0 256c0 141.4 114.6 256 256 256s256-114.6 256-256C512 114.6 397.4 0 256 0zM406.6 278.6l-103.1 103.1c-12.5 12.5-32.75 12.5-45.25 0s-12.5-32.75 0-45.25L306.8 288H128C110.3 288 96 273.7 96 256s14.31-32 32-32h178.8l-49.38-49.38c-12.5-12.5-12.5-32.75 0-45.25s32.75-12.5 45.25 0l103.1 103.1C414.6 241.3 416 251.1 416 256C416 260.9 414.6 270.7 406.6 278.6z\"><\/path><\/svg><\/span><span class=\"uagb-icon-list__label\">Mon exp\u00e9rience<\/span><\/div>\n<\/div><\/div>\n\n\n\n<div class=\"wp-block-uagb-separator uagb-block-e76ad392\"><div class=\"wp-block-uagb-separator__inner\" style=\"--my-background-image:\"><\/div><\/div>\n<\/div>","protected":false},"excerpt":{"rendered":"<p>Socialisation interaction et communication Par int\u00e9r\u00eat, passivit\u00e9,Communication &#8211; retard puis excellence, langage litt\u00e9ral, Fonctionnement sensoriel et int\u00e9r\u00eats 2\/4 Par int\u00e9r\u00eat, passivit\u00e9,TOCS, Habitudes, Pr\u00e9f\u00e9rences, Passions *\u00c2ge d\u2019apparition Masquage *Fonctionnement Variable dans le temps et le contexte *Facteur confondant Ph\u00e9nom\u00e8nes sp\u00e9cifiques :Shutdown \u2013 FermetureMeltdown \u2013 EffondrementBurnout autistique &#8211; \u00c9puisement FFF Feeling d\u2019\u00eatre un extra-terrestre mais devoir masquer [&hellip;]<\/p>\n","protected":false},"author":270503461,"featured_media":0,"comment_status":"open","ping_status":"closed","sticky":false,"template":"conf-rence","format":"standard","meta":{"give_campaign_id":0,"_crdt_document":"","_uag_custom_page_level_css":"","_jetpack_memberships_contains_paid_content":false,"footnotes":"","jetpack_publicize_message":"","jetpack_publicize_feature_enabled":true,"jetpack_social_post_already_shared":true,"jetpack_social_options":{"image_generator_settings":{"template":"highway","default_image_id":0,"font":"","enabled":false},"version":2},"_wpas_customize_per_network":false},"categories":[782149567],"tags":[],"class_list":["post-3592","post","type-post","status-publish","format-standard","hentry","category-conference"],"yoast_head":"<!-- This site is optimized with the Yoast SEO plugin v27.5 - https:\/\/yoast.com\/product\/yoast-seo-wordpress\/ -->\n<title>Lexique-3 - Maison de l&#039;Autisme<\/title>\n<meta name=\"robots\" content=\"index, follow, max-snippet:-1, max-image-preview:large, max-video-preview:-1\" \/>\n<link rel=\"canonical\" href=\"https:\/\/lamaisondelautisme.ca\/en\/lexique-3\/\" \/>\n<meta property=\"og:locale\" content=\"en_US\" \/>\n<meta property=\"og:type\" content=\"article\" \/>\n<meta property=\"og:title\" content=\"Lexique-3 - Maison de l&#039;Autisme\" \/>\n<meta property=\"og:description\" content=\"Socialisation interaction et communication Par int\u00e9r\u00eat, passivit\u00e9,Communication &#8211; retard puis excellence, langage litt\u00e9ral, Fonctionnement sensoriel et int\u00e9r\u00eats 2\/4 Par int\u00e9r\u00eat, passivit\u00e9,TOCS, Habitudes, Pr\u00e9f\u00e9rences, Passions *\u00c2ge d\u2019apparition Masquage *Fonctionnement Variable dans le temps et le contexte *Facteur confondant Ph\u00e9nom\u00e8nes sp\u00e9cifiques :Shutdown \u2013 FermetureMeltdown \u2013 EffondrementBurnout autistique &#8211; \u00c9puisement FFF Feeling d\u2019\u00eatre un extra-terrestre mais devoir masquer [&hellip;]\" \/>\n<meta property=\"og:url\" content=\"https:\/\/lamaisondelautisme.ca\/en\/lexique-3\/\" \/>\n<meta property=\"og:site_name\" content=\"Maison de l&#039;Autisme\" \/>\n<meta property=\"article:publisher\" content=\"https:\/\/www.facebook.com\/lamaisondelautismeautismhouse\" \/>\n<meta property=\"article:published_time\" content=\"2026-02-05T05:03:54+00:00\" \/>\n<meta property=\"article:modified_time\" content=\"2026-02-17T05:32:55+00:00\" \/>\n<meta name=\"author\" content=\"adminWP\" \/>\n<meta name=\"twitter:card\" content=\"summary_large_image\" \/>\n<meta name=\"twitter:label1\" content=\"Written by\" \/>\n\t<meta name=\"twitter:data1\" content=\"adminWP\" \/>\n\t<meta name=\"twitter:label2\" content=\"Est. reading time\" \/>\n\t<meta name=\"twitter:data2\" content=\"1 minute\" \/>\n<script type=\"application\/ld+json\" class=\"yoast-schema-graph\">{\"@context\":\"https:\\\/\\\/schema.org\",\"@graph\":[{\"@type\":\"Article\",\"@id\":\"https:\\\/\\\/lamaisondelautisme.ca\\\/lexique-3\\\/#article\",\"isPartOf\":{\"@id\":\"https:\\\/\\\/lamaisondelautisme.ca\\\/lexique-3\\\/\"},\"author\":{\"name\":\"adminWP\",\"@id\":\"https:\\\/\\\/lamaisondelautisme.ca\\\/#\\\/schema\\\/person\\\/343eeb13509fa9d0fe44c53ddec0f815\"},\"headline\":\"Lexique-3\",\"datePublished\":\"2026-02-05T05:03:54+00:00\",\"dateModified\":\"2026-02-17T05:32:55+00:00\",\"mainEntityOfPage\":{\"@id\":\"https:\\\/\\\/lamaisondelautisme.ca\\\/lexique-3\\\/\"},\"wordCount\":73,\"commentCount\":0,\"publisher\":{\"@id\":\"https:\\\/\\\/lamaisondelautisme.ca\\\/#organization\"},\"articleSection\":[\"Conf\u00e9rence\"],\"inLanguage\":\"en-CA\",\"potentialAction\":[{\"@type\":\"CommentAction\",\"name\":\"Comment\",\"target\":[\"https:\\\/\\\/lamaisondelautisme.ca\\\/lexique-3\\\/#respond\"]}]},{\"@type\":\"WebPage\",\"@id\":\"https:\\\/\\\/lamaisondelautisme.ca\\\/lexique-3\\\/\",\"url\":\"https:\\\/\\\/lamaisondelautisme.ca\\\/lexique-3\\\/\",\"name\":\"Lexique-3 - Maison de l&#039;Autisme\",\"isPartOf\":{\"@id\":\"https:\\\/\\\/lamaisondelautisme.ca\\\/#website\"},\"datePublished\":\"2026-02-05T05:03:54+00:00\",\"dateModified\":\"2026-02-17T05:32:55+00:00\",\"breadcrumb\":{\"@id\":\"https:\\\/\\\/lamaisondelautisme.ca\\\/lexique-3\\\/#breadcrumb\"},\"inLanguage\":\"en-CA\",\"potentialAction\":[{\"@type\":\"ReadAction\",\"target\":[\"https:\\\/\\\/lamaisondelautisme.ca\\\/lexique-3\\\/\"]}]},{\"@type\":\"BreadcrumbList\",\"@id\":\"https:\\\/\\\/lamaisondelautisme.ca\\\/lexique-3\\\/#breadcrumb\",\"itemListElement\":[{\"@type\":\"ListItem\",\"position\":1,\"name\":\"Accueil\",\"item\":\"https:\\\/\\\/lamaisondelautisme.ca\\\/\"},{\"@type\":\"ListItem\",\"position\":2,\"name\":\"Lexique-3\"}]},{\"@type\":\"WebSite\",\"@id\":\"https:\\\/\\\/lamaisondelautisme.ca\\\/#website\",\"url\":\"https:\\\/\\\/lamaisondelautisme.ca\\\/\",\"name\":\"Maison de l'Autisme\",\"description\":\"Un espace par et pour les adultes autistes, leurs proches et leur communaut\u00e9.\",\"publisher\":{\"@id\":\"https:\\\/\\\/lamaisondelautisme.ca\\\/#organization\"},\"potentialAction\":[{\"@type\":\"SearchAction\",\"target\":{\"@type\":\"EntryPoint\",\"urlTemplate\":\"https:\\\/\\\/lamaisondelautisme.ca\\\/?s={search_term_string}\"},\"query-input\":{\"@type\":\"PropertyValueSpecification\",\"valueRequired\":true,\"valueName\":\"search_term_string\"}}],\"inLanguage\":\"en-CA\"},{\"@type\":\"Organization\",\"@id\":\"https:\\\/\\\/lamaisondelautisme.ca\\\/#organization\",\"name\":\"La Maison de l'Autisme\",\"alternateName\":\"Maison de l'autisme\",\"url\":\"https:\\\/\\\/lamaisondelautisme.ca\\\/\",\"logo\":{\"@type\":\"ImageObject\",\"inLanguage\":\"en-CA\",\"@id\":\"https:\\\/\\\/lamaisondelautisme.ca\\\/#\\\/schema\\\/logo\\\/image\\\/\",\"url\":\"https:\\\/\\\/lamaisondelautisme.ca\\\/wp-content\\\/uploads\\\/2025\\\/09\\\/MA-Logo_FR_Blue.png\",\"contentUrl\":\"https:\\\/\\\/lamaisondelautisme.ca\\\/wp-content\\\/uploads\\\/2025\\\/09\\\/MA-Logo_FR_Blue.png\",\"width\":3011,\"height\":1525,\"caption\":\"La Maison de l'Autisme\"},\"image\":{\"@id\":\"https:\\\/\\\/lamaisondelautisme.ca\\\/#\\\/schema\\\/logo\\\/image\\\/\"},\"sameAs\":[\"https:\\\/\\\/www.facebook.com\\\/lamaisondelautismeautismhouse\",\"https:\\\/\\\/www.youtube.com\\\/@maisondelautisme-autismhouse\",\"https:\\\/\\\/www.instagram.com\\\/maisondelautisme_autismhouse\\\/\",\"https:\\\/\\\/ca.linkedin.com\\\/company\\\/maison-de-l-autisme-autism-house\",\"https:\\\/\\\/www.threads.com\\\/@maisondelautisme_autismhouse?igshid=NTc4MTIwNjQ2YQ\"]},{\"@type\":\"Person\",\"@id\":\"https:\\\/\\\/lamaisondelautisme.ca\\\/#\\\/schema\\\/person\\\/343eeb13509fa9d0fe44c53ddec0f815\",\"name\":\"adminWP\",\"image\":{\"@type\":\"ImageObject\",\"inLanguage\":\"en-CA\",\"@id\":\"https:\\\/\\\/secure.gravatar.com\\\/avatar\\\/f9f42ce4786ad503c11878568b7b202d1b1c433860e41a267faff290d1414b68?s=96&d=blank&r=g\",\"url\":\"https:\\\/\\\/secure.gravatar.com\\\/avatar\\\/f9f42ce4786ad503c11878568b7b202d1b1c433860e41a267faff290d1414b68?s=96&d=blank&r=g\",\"contentUrl\":\"https:\\\/\\\/secure.gravatar.com\\\/avatar\\\/f9f42ce4786ad503c11878568b7b202d1b1c433860e41a267faff290d1414b68?s=96&d=blank&r=g\",\"caption\":\"adminWP\"},\"sameAs\":[\"http:\\\/\\\/adminwp537150632c-qrejw.wordpress.com\"],\"url\":\"https:\\\/\\\/lamaisondelautisme.ca\\\/en\\\/author\\\/adminmaisondelautisme\\\/\"}]}<\/script>\n<!-- \/ Yoast SEO plugin. -->","yoast_head_json":{"title":"Lexique-3 - Maison de l&#039;Autisme","robots":{"index":"index","follow":"follow","max-snippet":"max-snippet:-1","max-image-preview":"max-image-preview:large","max-video-preview":"max-video-preview:-1"},"canonical":"https:\/\/lamaisondelautisme.ca\/en\/lexique-3\/","og_locale":"en_US","og_type":"article","og_title":"Lexique-3 - Maison de l&#039;Autisme","og_description":"Socialisation interaction et communication Par int\u00e9r\u00eat, passivit\u00e9,Communication &#8211; retard puis excellence, langage litt\u00e9ral, Fonctionnement sensoriel et int\u00e9r\u00eats 2\/4 Par int\u00e9r\u00eat, passivit\u00e9,TOCS, Habitudes, Pr\u00e9f\u00e9rences, Passions *\u00c2ge d\u2019apparition Masquage *Fonctionnement Variable dans le temps et le contexte *Facteur confondant Ph\u00e9nom\u00e8nes sp\u00e9cifiques :Shutdown \u2013 FermetureMeltdown \u2013 EffondrementBurnout autistique &#8211; \u00c9puisement FFF Feeling d\u2019\u00eatre un extra-terrestre mais devoir masquer [&hellip;]","og_url":"https:\/\/lamaisondelautisme.ca\/en\/lexique-3\/","og_site_name":"Maison de l&#039;Autisme","article_publisher":"https:\/\/www.facebook.com\/lamaisondelautismeautismhouse","article_published_time":"2026-02-05T05:03:54+00:00","article_modified_time":"2026-02-17T05:32:55+00:00","author":"adminWP","twitter_card":"summary_large_image","twitter_misc":{"Written by":"adminWP","Est. reading time":"1 minute"},"schema":{"@context":"https:\/\/schema.org","@graph":[{"@type":"Article","@id":"https:\/\/lamaisondelautisme.ca\/lexique-3\/#article","isPartOf":{"@id":"https:\/\/lamaisondelautisme.ca\/lexique-3\/"},"author":{"name":"adminWP","@id":"https:\/\/lamaisondelautisme.ca\/#\/schema\/person\/343eeb13509fa9d0fe44c53ddec0f815"},"headline":"Lexique-3","datePublished":"2026-02-05T05:03:54+00:00","dateModified":"2026-02-17T05:32:55+00:00","mainEntityOfPage":{"@id":"https:\/\/lamaisondelautisme.ca\/lexique-3\/"},"wordCount":73,"commentCount":0,"publisher":{"@id":"https:\/\/lamaisondelautisme.ca\/#organization"},"articleSection":["Conf\u00e9rence"],"inLanguage":"en-CA","potentialAction":[{"@type":"CommentAction","name":"Comment","target":["https:\/\/lamaisondelautisme.ca\/lexique-3\/#respond"]}]},{"@type":"WebPage","@id":"https:\/\/lamaisondelautisme.ca\/lexique-3\/","url":"https:\/\/lamaisondelautisme.ca\/lexique-3\/","name":"Lexique-3 - Maison de l&#039;Autisme","isPartOf":{"@id":"https:\/\/lamaisondelautisme.ca\/#website"},"datePublished":"2026-02-05T05:03:54+00:00","dateModified":"2026-02-17T05:32:55+00:00","breadcrumb":{"@id":"https:\/\/lamaisondelautisme.ca\/lexique-3\/#breadcrumb"},"inLanguage":"en-CA","potentialAction":[{"@type":"ReadAction","target":["https:\/\/lamaisondelautisme.ca\/lexique-3\/"]}]},{"@type":"BreadcrumbList","@id":"https:\/\/lamaisondelautisme.ca\/lexique-3\/#breadcrumb","itemListElement":[{"@type":"ListItem","position":1,"name":"Accueil","item":"https:\/\/lamaisondelautisme.ca\/"},{"@type":"ListItem","position":2,"name":"Lexique-3"}]},{"@type":"WebSite","@id":"https:\/\/lamaisondelautisme.ca\/#website","url":"https:\/\/lamaisondelautisme.ca\/","name":"Maison de l'Autisme","description":"Un espace par et pour les adultes autistes, leurs proches et leur communaut\u00e9.","publisher":{"@id":"https:\/\/lamaisondelautisme.ca\/#organization"},"potentialAction":[{"@type":"SearchAction","target":{"@type":"EntryPoint","urlTemplate":"https:\/\/lamaisondelautisme.ca\/?s={search_term_string}"},"query-input":{"@type":"PropertyValueSpecification","valueRequired":true,"valueName":"search_term_string"}}],"inLanguage":"en-CA"},{"@type":"Organization","@id":"https:\/\/lamaisondelautisme.ca\/#organization","name":"La Maison de l'Autisme","alternateName":"Maison de l'autisme","url":"https:\/\/lamaisondelautisme.ca\/","logo":{"@type":"ImageObject","inLanguage":"en-CA","@id":"https:\/\/lamaisondelautisme.ca\/#\/schema\/logo\/image\/","url":"https:\/\/lamaisondelautisme.ca\/wp-content\/uploads\/2025\/09\/MA-Logo_FR_Blue.png","contentUrl":"https:\/\/lamaisondelautisme.ca\/wp-content\/uploads\/2025\/09\/MA-Logo_FR_Blue.png","width":3011,"height":1525,"caption":"La Maison de l'Autisme"},"image":{"@id":"https:\/\/lamaisondelautisme.ca\/#\/schema\/logo\/image\/"},"sameAs":["https:\/\/www.facebook.com\/lamaisondelautismeautismhouse","https:\/\/www.youtube.com\/@maisondelautisme-autismhouse","https:\/\/www.instagram.com\/maisondelautisme_autismhouse\/","https:\/\/ca.linkedin.com\/company\/maison-de-l-autisme-autism-house","https:\/\/www.threads.com\/@maisondelautisme_autismhouse?igshid=NTc4MTIwNjQ2YQ"]},{"@type":"Person","@id":"https:\/\/lamaisondelautisme.ca\/#\/schema\/person\/343eeb13509fa9d0fe44c53ddec0f815","name":"adminWP","image":{"@type":"ImageObject","inLanguage":"en-CA","@id":"https:\/\/secure.gravatar.com\/avatar\/f9f42ce4786ad503c11878568b7b202d1b1c433860e41a267faff290d1414b68?s=96&d=blank&r=g","url":"https:\/\/secure.gravatar.com\/avatar\/f9f42ce4786ad503c11878568b7b202d1b1c433860e41a267faff290d1414b68?s=96&d=blank&r=g","contentUrl":"https:\/\/secure.gravatar.com\/avatar\/f9f42ce4786ad503c11878568b7b202d1b1c433860e41a267faff290d1414b68?s=96&d=blank&r=g","caption":"adminWP"},"sameAs":["http:\/\/adminwp537150632c-qrejw.wordpress.com"],"url":"https:\/\/lamaisondelautisme.ca\/en\/author\/adminmaisondelautisme\/"}]}},"jetpack_publicize_connections":[],"jetpack_featured_media_url":"","spectra_custom_meta":{"_uagb_previous_block_counts":["a:90:{s:21:\"uagb\/advanced-heading\";i:11;s:15:\"uagb\/blockquote\";i:0;s:12:\"uagb\/buttons\";i:0;s:18:\"uagb\/buttons-child\";i:0;s:19:\"uagb\/call-to-action\";i:0;s:15:\"uagb\/cf7-styler\";i:0;s:11:\"uagb\/column\";i:0;s:12:\"uagb\/columns\";i:0;s:14:\"uagb\/container\";i:0;s:21:\"uagb\/content-timeline\";i:0;s:27:\"uagb\/content-timeline-child\";i:0;s:14:\"uagb\/countdown\";i:0;s:12:\"uagb\/counter\";i:0;s:8:\"uagb\/faq\";i:0;s:14:\"uagb\/faq-child\";i:0;s:10:\"uagb\/forms\";i:0;s:17:\"uagb\/forms-accept\";i:0;s:19:\"uagb\/forms-checkbox\";i:0;s:15:\"uagb\/forms-date\";i:0;s:16:\"uagb\/forms-email\";i:0;s:17:\"uagb\/forms-hidden\";i:0;s:15:\"uagb\/forms-name\";i:0;s:16:\"uagb\/forms-phone\";i:0;s:16:\"uagb\/forms-radio\";i:0;s:17:\"uagb\/forms-select\";i:0;s:19:\"uagb\/forms-textarea\";i:0;s:17:\"uagb\/forms-toggle\";i:0;s:14:\"uagb\/forms-url\";i:0;s:14:\"uagb\/gf-styler\";i:0;s:15:\"uagb\/google-map\";i:0;s:11:\"uagb\/how-to\";i:0;s:16:\"uagb\/how-to-step\";i:0;s:9:\"uagb\/icon\";i:0;s:14:\"uagb\/icon-list\";i:0;s:20:\"uagb\/icon-list-child\";i:0;s:10:\"uagb\/image\";i:0;s:18:\"uagb\/image-gallery\";i:0;s:13:\"uagb\/info-box\";i:0;s:18:\"uagb\/inline-notice\";i:0;s:11:\"uagb\/lottie\";i:0;s:21:\"uagb\/marketing-button\";i:0;s:10:\"uagb\/modal\";i:0;s:18:\"uagb\/popup-builder\";i:0;s:16:\"uagb\/post-button\";i:0;s:18:\"uagb\/post-carousel\";i:0;s:17:\"uagb\/post-excerpt\";i:0;s:14:\"uagb\/post-grid\";i:0;s:15:\"uagb\/post-image\";i:0;s:17:\"uagb\/post-masonry\";i:0;s:14:\"uagb\/post-meta\";i:0;s:18:\"uagb\/post-taxonomy\";i:0;s:18:\"uagb\/post-timeline\";i:0;s:15:\"uagb\/post-title\";i:0;s:20:\"uagb\/restaurant-menu\";i:0;s:26:\"uagb\/restaurant-menu-child\";i:0;s:11:\"uagb\/review\";i:0;s:12:\"uagb\/section\";i:0;s:14:\"uagb\/separator\";i:3;s:11:\"uagb\/slider\";i:0;s:17:\"uagb\/slider-child\";i:0;s:17:\"uagb\/social-share\";i:0;s:23:\"uagb\/social-share-child\";i:0;s:16:\"uagb\/star-rating\";i:0;s:23:\"uagb\/sure-cart-checkout\";i:0;s:22:\"uagb\/sure-cart-product\";i:0;s:15:\"uagb\/sure-forms\";i:0;s:22:\"uagb\/table-of-contents\";i:0;s:9:\"uagb\/tabs\";i:0;s:15:\"uagb\/tabs-child\";i:0;s:18:\"uagb\/taxonomy-list\";i:0;s:9:\"uagb\/team\";i:0;s:16:\"uagb\/testimonial\";i:0;s:14:\"uagb\/wp-search\";i:0;s:19:\"uagb\/instagram-feed\";i:0;s:10:\"uagb\/login\";i:0;s:17:\"uagb\/loop-builder\";i:0;s:18:\"uagb\/loop-category\";i:0;s:20:\"uagb\/loop-pagination\";i:0;s:15:\"uagb\/loop-reset\";i:0;s:16:\"uagb\/loop-search\";i:0;s:14:\"uagb\/loop-sort\";i:0;s:17:\"uagb\/loop-wrapper\";i:0;s:13:\"uagb\/register\";i:0;s:19:\"uagb\/register-email\";i:0;s:24:\"uagb\/register-first-name\";i:0;s:23:\"uagb\/register-last-name\";i:0;s:22:\"uagb\/register-password\";i:0;s:30:\"uagb\/register-reenter-password\";i:0;s:19:\"uagb\/register-terms\";i:0;s:22:\"uagb\/register-username\";i:0;}"],"_uagb_last_spectra_edit":["1770267779"],"_thumbnail_id":["0"],"_edit_lock":["1771310129:270503461"],"_last_editor_used_jetpack":["block-editor"],"_wpas_done_all":["1"],"_wp_page_template":["conf-rence"],"_edit_last":["270503461"],"_yoast_wpseo_primary_category":["1"],"_yoast_wpseo_content_score":["90"],"_yoast_wpseo_estimated-reading-time-minutes":["1"],"_uag_css_file_name":["uag-css-3592.css"]},"uagb_featured_image_src":{"full":false,"thumbnail":false,"medium":false,"medium_large":false,"large":false,"1536x1536":false,"2048x2048":false,"trp-custom-language-flag":false,"newspack-article-block-landscape-large":false,"newspack-article-block-portrait-large":false,"newspack-article-block-square-large":false,"newspack-article-block-landscape-medium":false,"newspack-article-block-portrait-medium":false,"newspack-article-block-square-medium":false,"newspack-article-block-landscape-intermediate":false,"newspack-article-block-portrait-intermediate":false,"newspack-article-block-square-intermediate":false,"newspack-article-block-landscape-small":false,"newspack-article-block-portrait-small":false,"newspack-article-block-square-small":false,"newspack-article-block-landscape-tiny":false,"newspack-article-block-portrait-tiny":false,"newspack-article-block-square-tiny":false,"newspack-article-block-uncropped":false},"uagb_author_info":{"display_name":"adminWP","author_link":"https:\/\/lamaisondelautisme.ca\/en\/author\/adminmaisondelautisme\/"},"uagb_comment_info":0,"uagb_excerpt":"Socialisation interaction et communication Par int\u00e9r\u00eat, passivit\u00e9,Communication &#8211; retard puis excellence, langage litt\u00e9ral, Fonctionnement sensoriel et int\u00e9r\u00eats 2\/4 Par int\u00e9r\u00eat, passivit\u00e9,TOCS, Habitudes, Pr\u00e9f\u00e9rences, Passions *\u00c2ge d\u2019apparition Masquage *Fonctionnement Variable dans le temps et le contexte *Facteur confondant Ph\u00e9nom\u00e8nes sp\u00e9cifiques :Shutdown \u2013 FermetureMeltdown \u2013 EffondrementBurnout autistique &#8211; \u00c9puisement FFF Feeling d\u2019\u00eatre un extra-terrestre mais devoir masquer&hellip;","jetpack_sharing_enabled":true,"jetpack_shortlink":"https:\/\/wp.me\/pgCvQa-VW","_links":{"self":[{"href":"https:\/\/lamaisondelautisme.ca\/en\/wp-json\/wp\/v2\/posts\/3592","targetHints":{"allow":["GET"]}}],"collection":[{"href":"https:\/\/lamaisondelautisme.ca\/en\/wp-json\/wp\/v2\/posts"}],"about":[{"href":"https:\/\/lamaisondelautisme.ca\/en\/wp-json\/wp\/v2\/types\/post"}],"author":[{"embeddable":true,"href":"https:\/\/lamaisondelautisme.ca\/en\/wp-json\/wp\/v2\/users\/270503461"}],"replies":[{"embeddable":true,"href":"https:\/\/lamaisondelautisme.ca\/en\/wp-json\/wp\/v2\/comments?post=3592"}],"version-history":[{"count":3,"href":"https:\/\/lamaisondelautisme.ca\/en\/wp-json\/wp\/v2\/posts\/3592\/revisions"}],"predecessor-version":[{"id":3721,"href":"https:\/\/lamaisondelautisme.ca\/en\/wp-json\/wp\/v2\/posts\/3592\/revisions\/3721"}],"wp:attachment":[{"href":"https:\/\/lamaisondelautisme.ca\/en\/wp-json\/wp\/v2\/media?parent=3592"}],"wp:term":[{"taxonomy":"category","embeddable":true,"href":"https:\/\/lamaisondelautisme.ca\/en\/wp-json\/wp\/v2\/categories?post=3592"},{"taxonomy":"post_tag","embeddable":true,"href":"https:\/\/lamaisondelautisme.ca\/en\/wp-json\/wp\/v2\/tags?post=3592"}],"curies":[{"name":"wp","href":"https:\/\/api.w.org\/{rel}","templated":true}]}}